{"id":434,"date":"2026-08-10T14:58:47","date_gmt":"2026-08-10T17:58:47","guid":{"rendered":"https:\/\/mesquitaribeiro.com.br\/blog\/?p=434"},"modified":"2026-08-10T14:58:47","modified_gmt":"2026-08-10T17:58:47","slug":"riscos-psicossociais-no-trabalho-o-que-muda-para-as-empresas-apos-a-portaria-mte-no-1-419-2024","status":"publish","type":"post","link":"https:\/\/mesquitaribeiro.com.br\/blog\/riscos-psicossociais-no-trabalho-o-que-muda-para-as-empresas-apos-a-portaria-mte-no-1-419-2024\/","title":{"rendered":"Riscos Psicossociais no trabalho: o que muda para as empresas ap\u00f3s a Portaria MTE n\u00ba 1.419\/2024"},"content":{"rendered":"<p>A atualiza\u00e7\u00e3o da Norma Regulamentadora n\u00ba 1 (NR-1), atrav\u00e9s da Portaria MTE n\u00ba 1.419\/2024, trouxe uma mudan\u00e7a importante ao tornar obrigat\u00f3ria a inclus\u00e3o dos riscos psicossociais no Programa de Gerenciamento de Riscos (PGR) nas empresas.<\/p>\n<p>Esta mudan\u00e7a reflete um movimento internacional, impulsionado por diretrizes da OIT e da ISO 45003, de reconhecer que o adoecimento mental relacionado ao trabalho (burnout, ansiedade, depress\u00e3o ocupacional) \u00e9 t\u00e3o relevante quanto os riscos f\u00edsicos, qu\u00edmicos ou ergon\u00f4micos tradicionalmente conhecidos.<\/p>\n<p>No Brasil, essas altera\u00e7\u00f5es coincidem com o aumento expressivo de afastamentos previdenci\u00e1rios por transtornos mentais, o que tem gerado discuss\u00e3o nas esferas administrativa e judicial.<\/p>\n<p>Para empresas e departamentos jur\u00eddicos, a pergunta relevante n\u00e3o \u00e9 apenas &#8220;estamos em conformidade documental?&#8221;, mas &#8220;estamos expostos a um risco de contencioso evit\u00e1vel?&#8221;.<\/p>\n<p>A Portaria determina fatores de risco psicossocial como categoria formal do PGR, ao lado dos riscos f\u00edsicos, qu\u00edmicos, biol\u00f3gicos, ergon\u00f4micos e de acidentes j\u00e1 consolidados na estrutura da NR-1.<\/p>\n<p>Os fatores tipicamente considerados s\u00e3o:<\/p>\n<p>&#8211; Jornadas excessivas e falta de previsibilidade de hor\u00e1rios<\/p>\n<p>&#8211; Sobrecarga de trabalho e metas incompat\u00edveis com a jornada de trabalho<\/p>\n<p>&#8211; Ass\u00e9dio moral e sexual<\/p>\n<p>&#8211; Inseguran\u00e7a quanto \u00e0 manuten\u00e7\u00e3o do emprego<\/p>\n<p>&#8211; Conflitos interpessoais cr\u00f4nicos<\/p>\n<p>&#8211; Aus\u00eancia de suporte da lideran\u00e7a, com falta de clareza de pap\u00e9is e de autonomia sobre o pr\u00f3prio trabalho<\/p>\n<p>Atualmente, o PGR deve tratar esses fatores nas tr\u00eas etapas j\u00e1 conhecidas de sua estrutura, quais sejam:<\/p>\n<ol>\n<li>Fase da Identifica\u00e7\u00e3o \u2014 mapeamento dos fatores presentes em cada setor\/fun\u00e7\u00e3o, idealmente com participa\u00e7\u00e3o de empregados (pesquisas, entrevistas, CIPA)<\/li>\n<li>Fase da Avalia\u00e7\u00e3o \u2014 dimensionamento da gravidade e probabilidade de danos \u00e0 sa\u00fade<\/li>\n<li>Fase da Mitiga\u00e7\u00e3o \u2014 plano de a\u00e7\u00e3o com medidas concretas (redistribui\u00e7\u00e3o de carga, canais de den\u00fancia, treinamento de lideran\u00e7as, ajustes de processo)<\/li>\n<\/ol>\n<p>O ponto de aten\u00e7\u00e3o jur\u00eddico aqui \u00e9 que a norma n\u00e3o pede apenas um documento formal, pois ela exige evid\u00eancia de processo cont\u00ednuo de gest\u00e3o, o que muda a r\u00e9gua de fiscaliza\u00e7\u00e3o e de prova em eventual a\u00e7\u00e3o judicial.<\/p>\n<p>Os prazos de adequa\u00e7\u00e3o e o cronograma de fiscaliza\u00e7\u00e3o v\u00eam sendo ajustados desde a publica\u00e7\u00e3o da Portaria, incluindo per\u00edodos de orienta\u00e7\u00e3o antes da lavratura de autos de infra\u00e7\u00e3o, no entanto, a obrigatoriedade da gest\u00e3o de\u00a0<strong>riscos psicossociais<\/strong>\u00a0entrou oficialmente em vigor em 26 de maio de 2026.<\/p>\n<p>Atualmente h\u00e1 uma suspens\u00e3o tempor\u00e1ria de multas administrativas espec\u00edficas pelo STF, mas a exig\u00eancia de preven\u00e7\u00e3o j\u00e1 est\u00e1 em vigor.<\/p>\n<p>De modo geral, a fiscaliza\u00e7\u00e3o segue a l\u00f3gica j\u00e1 aplicada \u00e0s demais categorias de risco do PGR, j\u00e1 que os auditores fiscais do trabalho poder\u00e3o exigir a apresenta\u00e7\u00e3o do programa, verificar a efetividade das medidas de mitiga\u00e7\u00e3o e, na aus\u00eancia de conformidade, aplicar as penalidades previstas na legisla\u00e7\u00e3o trabalhista para descumprimento de NR.<\/p>\n<p><strong>Consequ\u00eancias no contencioso trabalhista<\/strong><\/p>\n<p>Este \u00e9 o ponto de maior relev\u00e2ncia para a advocacia empresarial. A aus\u00eancia de um PGR que trate adequadamente os riscos psicossociais pode ser utilizada como \u201cevid\u00eancia de neglig\u00eancia\u201d em a\u00e7\u00f5es judiciais.<\/p>\n<p>Normalmente, nas a\u00e7\u00f5es que envolvem pedidos de indeniza\u00e7\u00e3o por dano moral e material decorrentes de ass\u00e9dio moral, de reconhecimento de doen\u00e7a ocupacional (transtornos de ansiedade, burnout e depress\u00e3o), com nexo causal ao trabalho e de estabilidade acident\u00e1ria em casos de afastamento pelo INSS com CAT emitida, important\u00edssimo ser\u00e1 a comprova\u00e7\u00e3o do cumprimento integral da NR, neste t\u00f3pico, pelas empresas.<\/p>\n<p>Assim, um PGR robusto, com hist\u00f3rico de a\u00e7\u00f5es efetivas, torna-se elemento de defesa relevante.<\/p>\n<p><strong>Recomenda\u00e7\u00f5es pr\u00e1ticas para empresas<\/strong><\/p>\n<p>Para os departamentos jur\u00eddico e de RH que j\u00e1 atuam nesse tema, ser\u00e1 importante a implanta\u00e7\u00e3o de:<\/p>\n<p>&#8211; Auditoria do PGR atual \u2014 verificar se a categoria de riscos psicossociais foi efetivamente incorporada, e n\u00e3o apenas citada de forma gen\u00e9rica<\/p>\n<p>&#8211; Documenta\u00e7\u00e3o como defesa \u2014 planos de a\u00e7\u00e3o, atas de reuni\u00e3o, treinamentos de lideran\u00e7as e evid\u00eancias de implanta\u00e7\u00e3o e execu\u00e7\u00e3o de pr\u00e1ticas mitigat\u00f3rias s\u00e3o o que efetivamente protege a empresa em eventual discuss\u00e3o judicial<\/p>\n<p>&#8211; Governan\u00e7a compartilhada \u2014 RH, SESMT e Jur\u00eddico devem atuar de forma integrada, com o jur\u00eddico participando da revis\u00e3o do plano de a\u00e7\u00e3o, n\u00e3o apenas do documento final<\/p>\n<p>&#8211; Canais de escuta e den\u00fancia \u2014 estruturar canais para identifica\u00e7\u00e3o dos riscos<\/p>\n<p>&#8211; Treinamento de lideran\u00e7as \u2014 j\u00e1 que maior parte dos fatores de risco psicossocial (sobrecarga, conflitos, falta de clareza) tem origem em pr\u00e1ticas de gest\u00e3o<\/p>\n<p>Conclui-se, portanto, que a inclus\u00e3o dos riscos psicossociais no PGR das empresas reflete que a sa\u00fade mental no trabalho deixou de ser tema de &#8220;boas pr\u00e1ticas&#8221; de RH e passou a ser exig\u00eancia legal com repercuss\u00e3o direta em passivo trabalhista, merecendo total aten\u00e7\u00e3o dos empregadores.<\/p>\n","protected":false},"excerpt":{"rendered":"<p>A atualiza\u00e7\u00e3o da Norma Regulamentadora n\u00ba 1 (NR-1), atrav\u00e9s da Portaria MTE n\u00ba 1.419\/2024, trouxe uma mudan\u00e7a importante ao tornar obrigat\u00f3ria a inclus\u00e3o dos riscos psicossociais no Programa de Gerenciamento de Riscos (PGR) nas empresas. Esta mudan\u00e7a reflete um movimento internacional, impulsionado por diretrizes da OIT e da ISO 45003, de reconhecer que o adoecimento [&hellip;]<\/p>\n","protected":false},"author":2,"featured_media":0,"comment_status":"open","ping_status":"open","sticky":false,"template":"","format":"standard","meta":{"footnotes":""},"categories":[9],"tags":[66,67],"class_list":["post-434","post","type-post","status-publish","format-standard","hentry","category-trabalhista","tag-direito-trabalhista","tag-riscos-no-trabalho"],"yoast_head":"<!-- This site is optimized with the Yoast SEO plugin v18.6 - https:\/\/yoast.com\/wordpress\/plugins\/seo\/ -->\r\n<title>Riscos Psicossociais no trabalho: o que muda para as empresas ap\u00f3s a Portaria MTE n\u00ba 1.419\/2024 - Mesquita Ribeiro Advogados - Blog<\/title>\r\n<meta name=\"robots\" content=\"index, follow, max-snippet:-1, max-image-preview:large, max-video-preview:-1\" \/>\r\n<link rel=\"canonical\" href=\"https:\/\/mesquitaribeiro.com.br\/blog\/riscos-psicossociais-no-trabalho-o-que-muda-para-as-empresas-apos-a-portaria-mte-no-1-419-2024\/\" \/>\r\n<meta property=\"og:locale\" content=\"pt_BR\" \/>\r\n<meta property=\"og:type\" content=\"article\" \/>\r\n<meta property=\"og:title\" content=\"Riscos Psicossociais no trabalho: o que muda para as empresas ap\u00f3s a Portaria MTE n\u00ba 1.419\/2024 - Mesquita Ribeiro Advogados - Blog\" \/>\r\n<meta property=\"og:description\" content=\"A atualiza\u00e7\u00e3o da Norma Regulamentadora n\u00ba 1 (NR-1), atrav\u00e9s da Portaria MTE n\u00ba 1.419\/2024, trouxe uma mudan\u00e7a importante ao tornar obrigat\u00f3ria a inclus\u00e3o dos riscos psicossociais no Programa de Gerenciamento de Riscos (PGR) nas empresas. Esta mudan\u00e7a reflete um movimento internacional, impulsionado por diretrizes da OIT e da ISO 45003, de reconhecer que o adoecimento [&hellip;]\" \/>\r\n<meta property=\"og:url\" content=\"https:\/\/mesquitaribeiro.com.br\/blog\/riscos-psicossociais-no-trabalho-o-que-muda-para-as-empresas-apos-a-portaria-mte-no-1-419-2024\/\" \/>\r\n<meta property=\"og:site_name\" content=\"Mesquita Ribeiro Advogados - Blog\" \/>\r\n<meta property=\"article:publisher\" content=\"https:\/\/pt-br.facebook.com\/mesquitaribeiroadvogados\/\" \/>\r\n<meta property=\"article:published_time\" content=\"2026-08-10T17:58:47+00:00\" \/>\r\n<meta name=\"twitter:card\" content=\"summary_large_image\" \/>\r\n<meta name=\"twitter:label1\" content=\"Escrito por\" \/>\n\t<meta name=\"twitter:data1\" content=\"Mesquita Ribeiro\" \/>\n\t<meta name=\"twitter:label2\" content=\"Est. tempo de leitura\" \/>\n\t<meta name=\"twitter:data2\" content=\"4 minutos\" \/>\r\n<script type=\"application\/ld+json\" class=\"yoast-schema-graph\">{\"@context\":\"https:\/\/schema.org\",\"@graph\":[{\"@type\":\"WebSite\",\"@id\":\"https:\/\/mesquitaribeiro.com.br\/blog\/#website\",\"url\":\"https:\/\/mesquitaribeiro.com.br\/blog\/\",\"name\":\"Mesquita Ribeiro Advogados - Blog\",\"description\":\"Mesquita Ribeiro Advogados - Blog\",\"potentialAction\":[{\"@type\":\"SearchAction\",\"target\":{\"@type\":\"EntryPoint\",\"urlTemplate\":\"https:\/\/mesquitaribeiro.com.br\/blog\/?s={search_term_string}\"},\"query-input\":\"required name=search_term_string\"}],\"inLanguage\":\"pt-BR\"},{\"@type\":\"WebPage\",\"@id\":\"https:\/\/mesquitaribeiro.com.br\/blog\/riscos-psicossociais-no-trabalho-o-que-muda-para-as-empresas-apos-a-portaria-mte-no-1-419-2024\/#webpage\",\"url\":\"https:\/\/mesquitaribeiro.com.br\/blog\/riscos-psicossociais-no-trabalho-o-que-muda-para-as-empresas-apos-a-portaria-mte-no-1-419-2024\/\",\"name\":\"Riscos Psicossociais no trabalho: o que muda para as empresas ap\u00f3s a Portaria MTE n\u00ba 1.419\/2024 - Mesquita Ribeiro Advogados - Blog\",\"isPartOf\":{\"@id\":\"https:\/\/mesquitaribeiro.com.br\/blog\/#website\"},\"datePublished\":\"2026-08-10T17:58:47+00:00\",\"dateModified\":\"2026-08-10T17:58:47+00:00\",\"author\":{\"@id\":\"https:\/\/mesquitaribeiro.com.br\/blog\/#\/schema\/person\/6da314cb58f2c30a2b3ed569e10d00f9\"},\"breadcrumb\":{\"@id\":\"https:\/\/mesquitaribeiro.com.br\/blog\/riscos-psicossociais-no-trabalho-o-que-muda-para-as-empresas-apos-a-portaria-mte-no-1-419-2024\/#breadcrumb\"},\"inLanguage\":\"pt-BR\",\"potentialAction\":[{\"@type\":\"ReadAction\",\"target\":[\"https:\/\/mesquitaribeiro.com.br\/blog\/riscos-psicossociais-no-trabalho-o-que-muda-para-as-empresas-apos-a-portaria-mte-no-1-419-2024\/\"]}]},{\"@type\":\"BreadcrumbList\",\"@id\":\"https:\/\/mesquitaribeiro.com.br\/blog\/riscos-psicossociais-no-trabalho-o-que-muda-para-as-empresas-apos-a-portaria-mte-no-1-419-2024\/#breadcrumb\",\"itemListElement\":[{\"@type\":\"ListItem\",\"position\":1,\"name\":\"In\u00edcio\",\"item\":\"https:\/\/mesquitaribeiro.com.br\/blog\/\"},{\"@type\":\"ListItem\",\"position\":2,\"name\":\"Riscos Psicossociais no trabalho: o que muda para as empresas ap\u00f3s a Portaria MTE n\u00ba 1.419\/2024\"}]},{\"@type\":\"Person\",\"@id\":\"https:\/\/mesquitaribeiro.com.br\/blog\/#\/schema\/person\/6da314cb58f2c30a2b3ed569e10d00f9\",\"name\":\"Mesquita Ribeiro\",\"image\":{\"@type\":\"ImageObject\",\"@id\":\"https:\/\/mesquitaribeiro.com.br\/blog\/#personlogo\",\"inLanguage\":\"pt-BR\",\"url\":\"https:\/\/mesquitaribeiro.com.br\/blog\/wp-content\/uploads\/2022\/04\/mesquita-ribeiro-advogados-blog-avatar-96x96.png\",\"contentUrl\":\"https:\/\/mesquitaribeiro.com.br\/blog\/wp-content\/uploads\/2022\/04\/mesquita-ribeiro-advogados-blog-avatar-96x96.png\",\"caption\":\"Mesquita Ribeiro\"},\"sameAs\":[\"https:\/\/mesquitaribeiro.com.br\/\"],\"url\":\"https:\/\/mesquitaribeiro.com.br\/blog\/author\/mesquita-ribeiro-advogados\/\"}]}<\/script>\r\n<!-- \/ Yoast SEO plugin. -->","yoast_head_json":{"title":"Riscos Psicossociais no trabalho: o que muda para as empresas ap\u00f3s a Portaria MTE n\u00ba 1.419\/2024 - Mesquita Ribeiro Advogados - Blog","robots":{"index":"index","follow":"follow","max-snippet":"max-snippet:-1","max-image-preview":"max-image-preview:large","max-video-preview":"max-video-preview:-1"},"canonical":"https:\/\/mesquitaribeiro.com.br\/blog\/riscos-psicossociais-no-trabalho-o-que-muda-para-as-empresas-apos-a-portaria-mte-no-1-419-2024\/","og_locale":"pt_BR","og_type":"article","og_title":"Riscos Psicossociais no trabalho: o que muda para as empresas ap\u00f3s a Portaria MTE n\u00ba 1.419\/2024 - Mesquita Ribeiro Advogados - Blog","og_description":"A atualiza\u00e7\u00e3o da Norma Regulamentadora n\u00ba 1 (NR-1), atrav\u00e9s da Portaria MTE n\u00ba 1.419\/2024, trouxe uma mudan\u00e7a importante ao tornar obrigat\u00f3ria a inclus\u00e3o dos riscos psicossociais no Programa de Gerenciamento de Riscos (PGR) nas empresas. Esta mudan\u00e7a reflete um movimento internacional, impulsionado por diretrizes da OIT e da ISO 45003, de reconhecer que o adoecimento [&hellip;]","og_url":"https:\/\/mesquitaribeiro.com.br\/blog\/riscos-psicossociais-no-trabalho-o-que-muda-para-as-empresas-apos-a-portaria-mte-no-1-419-2024\/","og_site_name":"Mesquita Ribeiro Advogados - Blog","article_publisher":"https:\/\/pt-br.facebook.com\/mesquitaribeiroadvogados\/","article_published_time":"2026-08-10T17:58:47+00:00","twitter_card":"summary_large_image","twitter_misc":{"Escrito por":"Mesquita Ribeiro","Est. tempo de leitura":"4 minutos"},"schema":{"@context":"https:\/\/schema.org","@graph":[{"@type":"WebSite","@id":"https:\/\/mesquitaribeiro.com.br\/blog\/#website","url":"https:\/\/mesquitaribeiro.com.br\/blog\/","name":"Mesquita Ribeiro Advogados - Blog","description":"Mesquita Ribeiro Advogados - Blog","potentialAction":[{"@type":"SearchAction","target":{"@type":"EntryPoint","urlTemplate":"https:\/\/mesquitaribeiro.com.br\/blog\/?s={search_term_string}"},"query-input":"required name=search_term_string"}],"inLanguage":"pt-BR"},{"@type":"WebPage","@id":"https:\/\/mesquitaribeiro.com.br\/blog\/riscos-psicossociais-no-trabalho-o-que-muda-para-as-empresas-apos-a-portaria-mte-no-1-419-2024\/#webpage","url":"https:\/\/mesquitaribeiro.com.br\/blog\/riscos-psicossociais-no-trabalho-o-que-muda-para-as-empresas-apos-a-portaria-mte-no-1-419-2024\/","name":"Riscos Psicossociais no trabalho: o que muda para as empresas ap\u00f3s a Portaria MTE n\u00ba 1.419\/2024 - Mesquita Ribeiro Advogados - Blog","isPartOf":{"@id":"https:\/\/mesquitaribeiro.com.br\/blog\/#website"},"datePublished":"2026-08-10T17:58:47+00:00","dateModified":"2026-08-10T17:58:47+00:00","author":{"@id":"https:\/\/mesquitaribeiro.com.br\/blog\/#\/schema\/person\/6da314cb58f2c30a2b3ed569e10d00f9"},"breadcrumb":{"@id":"https:\/\/mesquitaribeiro.com.br\/blog\/riscos-psicossociais-no-trabalho-o-que-muda-para-as-empresas-apos-a-portaria-mte-no-1-419-2024\/#breadcrumb"},"inLanguage":"pt-BR","potentialAction":[{"@type":"ReadAction","target":["https:\/\/mesquitaribeiro.com.br\/blog\/riscos-psicossociais-no-trabalho-o-que-muda-para-as-empresas-apos-a-portaria-mte-no-1-419-2024\/"]}]},{"@type":"BreadcrumbList","@id":"https:\/\/mesquitaribeiro.com.br\/blog\/riscos-psicossociais-no-trabalho-o-que-muda-para-as-empresas-apos-a-portaria-mte-no-1-419-2024\/#breadcrumb","itemListElement":[{"@type":"ListItem","position":1,"name":"In\u00edcio","item":"https:\/\/mesquitaribeiro.com.br\/blog\/"},{"@type":"ListItem","position":2,"name":"Riscos Psicossociais no trabalho: o que muda para as empresas ap\u00f3s a Portaria MTE n\u00ba 1.419\/2024"}]},{"@type":"Person","@id":"https:\/\/mesquitaribeiro.com.br\/blog\/#\/schema\/person\/6da314cb58f2c30a2b3ed569e10d00f9","name":"Mesquita Ribeiro","image":{"@type":"ImageObject","@id":"https:\/\/mesquitaribeiro.com.br\/blog\/#personlogo","inLanguage":"pt-BR","url":"https:\/\/mesquitaribeiro.com.br\/blog\/wp-content\/uploads\/2022\/04\/mesquita-ribeiro-advogados-blog-avatar-96x96.png","contentUrl":"https:\/\/mesquitaribeiro.com.br\/blog\/wp-content\/uploads\/2022\/04\/mesquita-ribeiro-advogados-blog-avatar-96x96.png","caption":"Mesquita Ribeiro"},"sameAs":["https:\/\/mesquitaribeiro.com.br\/"],"url":"https:\/\/mesquitaribeiro.com.br\/blog\/author\/mesquita-ribeiro-advogados\/"}]}},"_links":{"self":[{"href":"https:\/\/mesquitaribeiro.com.br\/blog\/wp-json\/wp\/v2\/posts\/434","targetHints":{"allow":["GET"]}}],"collection":[{"href":"https:\/\/mesquitaribeiro.com.br\/blog\/wp-json\/wp\/v2\/posts"}],"about":[{"href":"https:\/\/mesquitaribeiro.com.br\/blog\/wp-json\/wp\/v2\/types\/post"}],"author":[{"embeddable":true,"href":"https:\/\/mesquitaribeiro.com.br\/blog\/wp-json\/wp\/v2\/users\/2"}],"replies":[{"embeddable":true,"href":"https:\/\/mesquitaribeiro.com.br\/blog\/wp-json\/wp\/v2\/comments?post=434"}],"version-history":[{"count":1,"href":"https:\/\/mesquitaribeiro.com.br\/blog\/wp-json\/wp\/v2\/posts\/434\/revisions"}],"predecessor-version":[{"id":435,"href":"https:\/\/mesquitaribeiro.com.br\/blog\/wp-json\/wp\/v2\/posts\/434\/revisions\/435"}],"wp:attachment":[{"href":"https:\/\/mesquitaribeiro.com.br\/blog\/wp-json\/wp\/v2\/media?parent=434"}],"wp:term":[{"taxonomy":"category","embeddable":true,"href":"https:\/\/mesquitaribeiro.com.br\/blog\/wp-json\/wp\/v2\/categories?post=434"},{"taxonomy":"post_tag","embeddable":true,"href":"https:\/\/mesquitaribeiro.com.br\/blog\/wp-json\/wp\/v2\/tags?post=434"}],"curies":[{"name":"wp","href":"https:\/\/api.w.org\/{rel}","templated":true}]}}